{"id":128,"date":"2019-01-31T22:47:37","date_gmt":"2019-01-31T19:47:37","guid":{"rendered":"http:\/\/demo.safirtema.com\/neva\/trabzonspordan-kritik-uefa-gorusmesi\/"},"modified":"2019-01-31T22:47:37","modified_gmt":"2019-01-31T19:47:37","slug":"trabzonspordan-kritik-uefa-gorusmesi","status":"publish","type":"post","link":"https:\/\/habergunleri.com\/index.php\/2019\/01\/31\/trabzonspordan-kritik-uefa-gorusmesi\/","title":{"rendered":"Trabzonspor&#8217;dan kritik UEFA g\u00f6r\u00fc\u015fmesi"},"content":{"rendered":"<p>2016 y\u0131l\u0131nda UEFA ile Finansal Fair Play konusunda \u00fc\u00e7 sezonu kapsayan bir anla\u015fma imzalayan ve s\u00f6zle\u015fme s\u00fcresini tamamlayan bordo-mavililerde ba\u015fkan Ahmet A\u011fao\u011flu, UEFA, FIFA, D\u0131\u015f ili\u015fkiler ve hukuktan sorumlu ba\u015fkan yard\u0131mc\u0131s\u0131 \u00d6nder B\u00fclb\u00fclo\u011flu ve beraberindeki ekiple birlikte bug\u00fcn Cenevre&#8217;de bulunan UEFA&#8217;n\u0131n merkezinde Finansal Fair Play anla\u015fmas\u0131 i\u00e7in bir sunum ger\u00e7ekle\u015ftirdi. 1.5 saat s\u00fcren toplant\u0131da A\u011fao\u011flu&#8217;nun kul\u00fcb\u00fcn mevcut ve gelece\u011fe y\u00f6nelik mali durumunu aktard\u0131\u011f\u0131 belirtildi.<\/p>\n<p><strong>B\u00dcLB\u00dcLO\u011eLU: &#8220;TOPLANTI OLUMLU GE\u00c7T\u0130&#8221;<\/strong><\/p>\n<p>Ba\u015fkan yard\u0131mc\u0131s\u0131 \u00d6nder B\u00fclb\u00fclo\u011flu, Demir\u00f6ren Haber Ajans\u0131&#8217;na (DHA) yapt\u0131\u011f\u0131 a\u00e7\u0131klamada toplant\u0131n\u0131n olumlu ge\u00e7ti\u011fini belirterek, &#8220;Sunumu ba\u015fkan Ahmet A\u011fao\u011flu ger\u00e7ekle\u015ftirdi. \u00d6n\u00fcm\u00fczdeki 3 y\u0131l\u0131n gayet olumlu ge\u00e7ece\u011fini fig\u00fcrlerle anlatt\u0131k ve sorulan sorular\u0131 cevaplad\u0131k. Karar yakla\u015f\u0131k iki ay i\u00e7erisinde a\u00e7\u0131klan\u0131r&#8221; dedi.<\/p>\n<p><strong>G\u00fcn\u00fcn en pop\u00fcler iddaa tercihlerini incelemek i\u00e7in\u00a0<\/strong>buraya t\u0131klay\u0131n!<\/p>\n","protected":false},"excerpt":{"rendered":"<p>Trabzonspor Ba\u015fkan\u0131 Ahmet A\u011fao\u011flu ve beraberindeki ekip, Cenevre&#8217;de UEFA ile Finansal Fair Play konusunda toplant\u0131 ger\u00e7ekle\u015ftirdi.<\/p>\n","protected":false},"author":1,"featured_media":129,"comment_status":"open","ping_status":"open","sticky":false,"template":"","format":"standard","meta":{"footnotes":""},"categories":[5],"tags":[146,148,149,147],"class_list":["post-128","post","type-post","status-publish","format-standard","has-post-thumbnail","hentry","category-spor","tag-ahmet-agaoglu","tag-finansal-fair-play","tag-trabzonspor","tag-uefa"],"_links":{"self":[{"href":"https:\/\/habergunleri.com\/index.php\/wp-json\/wp\/v2\/posts\/128"}],"collection":[{"href":"https:\/\/habergunleri.com\/index.php\/wp-json\/wp\/v2\/posts"}],"about":[{"href":"https:\/\/habergunleri.com\/index.php\/wp-json\/wp\/v2\/types\/post"}],"author":[{"embeddable":true,"href":"https:\/\/habergunleri.com\/index.php\/wp-json\/wp\/v2\/users\/1"}],"replies":[{"embeddable":true,"href":"https:\/\/habergunleri.com\/index.php\/wp-json\/wp\/v2\/comments?post=128"}],"version-history":[{"count":0,"href":"https:\/\/habergunleri.com\/index.php\/wp-json\/wp\/v2\/posts\/128\/revisions"}],"wp:featuredmedia":[{"embeddable":true,"href":"https:\/\/habergunleri.com\/index.php\/wp-json\/wp\/v2\/media\/129"}],"wp:attachment":[{"href":"https:\/\/habergunleri.com\/index.php\/wp-json\/wp\/v2\/media?parent=128"}],"wp:term":[{"taxonomy":"category","embeddable":true,"href":"https:\/\/habergunleri.com\/index.php\/wp-json\/wp\/v2\/categories?post=128"},{"taxonomy":"post_tag","embeddable":true,"href":"https:\/\/habergunleri.com\/index.php\/wp-json\/wp\/v2\/tags?post=128"}],"curies":[{"name":"wp","href":"https:\/\/api.w.org\/{rel}","templated":true}]}}