{"id":210,"date":"2019-01-31T23:00:17","date_gmt":"2019-01-31T20:00:17","guid":{"rendered":"http:\/\/demo.safirtema.com\/neva\/yanginda-mahsur-kalanlari-kurtarmak-icin-drone-yaptilar\/"},"modified":"2019-02-04T23:13:48","modified_gmt":"2019-02-04T20:13:48","slug":"yanginda-mahsur-kalanlari-kurtarmak-icin-drone-yaptilar","status":"publish","type":"post","link":"https:\/\/habergunleri.com\/index.php\/2019\/01\/31\/yanginda-mahsur-kalanlari-kurtarmak-icin-drone-yaptilar\/","title":{"rendered":"Yang\u0131nda mahsur kalanlar\u0131 kurtarmak i\u00e7in drone yapt\u0131lar"},"content":{"rendered":"<p>\u00c7in&#8217;de bulunan Guangdong Politeknik Normal \u00dcniversite \u00f6\u011frencileri, y\u00fcksek yap\u0131larda \u00e7\u0131kan yang\u0131nlarda mahsur kalan ki\u015filerin yard\u0131m \u00e7a\u011fr\u0131lar\u0131 do\u011frultusunda olay yerine u\u00e7an ve d\u00f6rt par\u00e7aya ayr\u0131larak havada bir &#8216;g\u00fcvenlik a\u011f\u0131&#8217; a\u00e7an bir &#8216;drone&#8217; tasarlad\u0131lar.<\/p>\n<p>\u00d6\u011frenciler tasarlad\u0131klar\u0131 bu konsept &#8216;drone&#8217;u bir animasyon ile tan\u0131tt\u0131. G\u00f6r\u00fcnt\u00fclerde, bir drone bir binan\u0131n \u00fcst katlar\u0131ndan birinde \u00e7\u0131kan yang\u0131n sonras\u0131 mahsur kalan birini tespit edip, olay yerine gidiyor. \u00c7a\u011fr\u0131 \u00fczerine olay yerine giden drone, trafi\u011fe tak\u0131lma problemi olmad\u0131\u011f\u0131 i\u00e7in kurtarma ekiplerinden daha h\u0131zl\u0131 olay yerine yeti\u015fiyor ve havada 4 b\u00f6l\u00fcme ayr\u0131larak bir &#8216;g\u00fcvenlik a\u011f\u0131&#8217; olu\u015fturuyor. Yeti\u015fkinleri ta\u015f\u0131yacak yeterlilikle olan drone, ard\u0131ndan g\u00fcvenlik a\u011f\u0131 \u00fczerine atlayan ki\u015fiyi, yava\u015f yava\u015f al\u00e7alarak yerdeki kurtarma ekiplerine teslim ediyor.<\/p>\n","protected":false},"excerpt":{"rendered":"<p>\u00c7in&#8217;de bulunan Guangdong Politeknik Normal \u00dcniversite \u00f6\u011frencileri, y\u00fcksek yap\u0131larda \u00e7\u0131kan yang\u0131nlarda mahsur kalan ki\u015filerin yard\u0131m \u00e7a\u011fr\u0131lar\u0131 do\u011frultusunda olay yerine u\u00e7an ve d\u00f6rt par\u00e7aya ayr\u0131larak havada bir &#8216;g\u00fcvenlik a\u011f\u0131&#8217; a\u00e7an bir &#8216;drone&#8217; tasarlad\u0131lar.<\/p>\n","protected":false},"author":1,"featured_media":211,"comment_status":"open","ping_status":"open","sticky":false,"template":"","format":"standard","meta":{"footnotes":""},"categories":[10,9],"tags":[252,251,253,197],"class_list":["post-210","post","type-post","status-publish","format-standard","has-post-thumbnail","hentry","category-manset","category-teknoloji","tag-cin","tag-drone","tag-iha","tag-seohaber"],"_links":{"self":[{"href":"https:\/\/habergunleri.com\/index.php\/wp-json\/wp\/v2\/posts\/210"}],"collection":[{"href":"https:\/\/habergunleri.com\/index.php\/wp-json\/wp\/v2\/posts"}],"about":[{"href":"https:\/\/habergunleri.com\/index.php\/wp-json\/wp\/v2\/types\/post"}],"author":[{"embeddable":true,"href":"https:\/\/habergunleri.com\/index.php\/wp-json\/wp\/v2\/users\/1"}],"replies":[{"embeddable":true,"href":"https:\/\/habergunleri.com\/index.php\/wp-json\/wp\/v2\/comments?post=210"}],"version-history":[{"count":1,"href":"https:\/\/habergunleri.com\/index.php\/wp-json\/wp\/v2\/posts\/210\/revisions"}],"predecessor-version":[{"id":701,"href":"https:\/\/habergunleri.com\/index.php\/wp-json\/wp\/v2\/posts\/210\/revisions\/701"}],"wp:featuredmedia":[{"embeddable":true,"href":"https:\/\/habergunleri.com\/index.php\/wp-json\/wp\/v2\/media\/211"}],"wp:attachment":[{"href":"https:\/\/habergunleri.com\/index.php\/wp-json\/wp\/v2\/media?parent=210"}],"wp:term":[{"taxonomy":"category","embeddable":true,"href":"https:\/\/habergunleri.com\/index.php\/wp-json\/wp\/v2\/categories?post=210"},{"taxonomy":"post_tag","embeddable":true,"href":"https:\/\/habergunleri.com\/index.php\/wp-json\/wp\/v2\/tags?post=210"}],"curies":[{"name":"wp","href":"https:\/\/api.w.org\/{rel}","templated":true}]}}