{"id":232,"date":"2019-01-31T23:04:27","date_gmt":"2019-01-31T20:04:27","guid":{"rendered":"http:\/\/demo.safirtema.com\/neva\/volkswagen-elektrikli-araclarin-sarji-icin-harekete-gecti\/"},"modified":"2019-01-31T23:04:27","modified_gmt":"2019-01-31T20:04:27","slug":"volkswagen-elektrikli-araclarin-sarji-icin-harekete-gecti","status":"publish","type":"post","link":"https:\/\/habergunleri.com\/index.php\/2019\/01\/31\/volkswagen-elektrikli-araclarin-sarji-icin-harekete-gecti\/","title":{"rendered":"Volkswagen elektrikli ara\u00e7lar\u0131n \u015farj\u0131 i\u00e7in harekete ge\u00e7ti"},"content":{"rendered":"<p>Volkswagen, ge\u00e7ti\u011fimiz g\u00fcn yapt\u0131\u011f\u0131 a\u00e7\u0131klama ile, ayn\u0131 anda d\u00f6rt araca kadar hizmet verebilecek olan esnek ve h\u0131zl\u0131 \u015farj birimleri tasarland\u0131\u011f\u0131n\u0131 ve s\u00f6z konusu birimlerin yenilenebilir enerji kaynaklar\u0131ndan elde edilecek g\u00fc\u00e7 depolama alanlar\u0131 olarak da kullan\u0131labilece\u011fini belirtti.<\/p>\n<p>\u015eirket, \u00f6n\u00fcm\u00fczdeki y\u0131l Almanya\u2019n\u0131n Hannover b\u00f6lgesinde \u00fcretime ba\u015flanaca\u011f\u0131n\u0131 ifade ederken, b\u00f6lgede \u0131s\u0131 de\u011fi\u015ftirme program\u0131n\u0131n da sonland\u0131r\u0131laca\u011f\u0131n\u0131 ekledi.<\/p>\n<p>Ayr\u0131ca, ortaklardan \u201cb\u00fcy\u00fck ilgi\u201d g\u00f6ren projenin bu yaz Wolfsburg\u2019daki yerel yetkililer i\u015fbirli\u011fine ba\u015flanaca\u011f\u0131 duyuruldu. A\u00e7\u0131klamaya g\u00f6re \u201cModular Electric Toolkit (MEB)\u201d teknolojisiyle geli\u015ftirilecek olan proje kapsam\u0131nda elektrikli arabalarda kullan\u0131lm\u0131\u015f piller onar\u0131larak s\u00f6z konusu istasyonlara yerle\u015ftirilecek.<\/p>\n<p><img loading=\"lazy\" decoding=\"async\" src=\"https:\/\/habergunleri.com\/wp-content\/uploads\/2019\/01\/volkswagen-elektrikli-araclarin-sarji-icin-harekete-gecti.jpg\" alt=\"\" width=\"590\" height=\"370\" caption=\"false\" \/><\/p>\n<p><strong>870 M\u0130LYON EURO<\/strong><br \/>Almanya\u2019n\u0131n Brunswick kentinde ak\u00fc sistemleri, Kassel kentinde de elektrik motorlar \u00fcreten Volkswagen, Salzgitter kentindeki ak\u00fc h\u00fccreleri i\u00e7in olu\u015fturulan M\u00fckemmeliyet Merkezi\u2019nde yak\u0131n bir zamanda rotor ve stat\u00f6r \u00fcretimine ba\u015flanaca\u011f\u0131n\u0131 ve bu y\u0131l ve gelecek y\u0131l\u0131 kapsayan d\u00f6nemde elektrikli ula\u015f\u0131ma tahsis edilen yat\u0131r\u0131m\u0131n 870 milyon euro de\u011ferine ula\u015ft\u0131\u011f\u0131n\u0131 a\u00e7\u0131klad\u0131.<\/p>\n","protected":false},"excerpt":{"rendered":"<p>Almanya merkezli d\u00fcnya dev ara\u00e7 \u00fcreticisi Volkswagen, elektrikli ara\u00e7lar i\u00e7in \u015farj birimlerinin toplu \u00fcretimine ba\u015flanaca\u011f\u0131n\u0131 duyurdu.<\/p>\n","protected":false},"author":1,"featured_media":233,"comment_status":"open","ping_status":"open","sticky":false,"template":"","format":"standard","meta":{"footnotes":""},"categories":[11],"tags":[269,270],"class_list":["post-232","post","type-post","status-publish","format-standard","has-post-thumbnail","hentry","category-otomobil","tag-elektrikli-arac","tag-volkswagen"],"_links":{"self":[{"href":"https:\/\/habergunleri.com\/index.php\/wp-json\/wp\/v2\/posts\/232"}],"collection":[{"href":"https:\/\/habergunleri.com\/index.php\/wp-json\/wp\/v2\/posts"}],"about":[{"href":"https:\/\/habergunleri.com\/index.php\/wp-json\/wp\/v2\/types\/post"}],"author":[{"embeddable":true,"href":"https:\/\/habergunleri.com\/index.php\/wp-json\/wp\/v2\/users\/1"}],"replies":[{"embeddable":true,"href":"https:\/\/habergunleri.com\/index.php\/wp-json\/wp\/v2\/comments?post=232"}],"version-history":[{"count":0,"href":"https:\/\/habergunleri.com\/index.php\/wp-json\/wp\/v2\/posts\/232\/revisions"}],"wp:featuredmedia":[{"embeddable":true,"href":"https:\/\/habergunleri.com\/index.php\/wp-json\/wp\/v2\/media\/233"}],"wp:attachment":[{"href":"https:\/\/habergunleri.com\/index.php\/wp-json\/wp\/v2\/media?parent=232"}],"wp:term":[{"taxonomy":"category","embeddable":true,"href":"https:\/\/habergunleri.com\/index.php\/wp-json\/wp\/v2\/categories?post=232"},{"taxonomy":"post_tag","embeddable":true,"href":"https:\/\/habergunleri.com\/index.php\/wp-json\/wp\/v2\/tags?post=232"}],"curies":[{"name":"wp","href":"https:\/\/api.w.org\/{rel}","templated":true}]}}