{"id":240,"date":"2019-01-31T23:04:45","date_gmt":"2019-01-31T20:04:45","guid":{"rendered":"http:\/\/demo.safirtema.com\/neva\/yediemin-otoparklarinda-luks-araclar-curumeye-terk-edildi\/"},"modified":"2019-02-04T23:13:40","modified_gmt":"2019-02-04T20:13:40","slug":"yediemin-otoparklarinda-luks-araclar-curumeye-terk-edildi","status":"publish","type":"post","link":"https:\/\/habergunleri.com\/index.php\/2019\/01\/31\/yediemin-otoparklarinda-luks-araclar-curumeye-terk-edildi\/","title":{"rendered":"Yediemin otoparklar\u0131nda l\u00fcks ara\u00e7lar \u00e7\u00fcr\u00fcmeye terk edildi"},"content":{"rendered":"<p>Hacizli, kusurlu, eksik evrak, kredi, vergi bor\u00e7lar\u0131 sebebiyle yediemin otopark\u0131na \u00e7ekilen ve toplam de\u011ferleri yakla\u015f\u0131k 3 milyon TL\u2019yi bulan 70 ara\u00e7, sahiplerinin kendilerini almas\u0131n\u0131 bekliyor. Yediemin ortaklar\u0131ndan Murat Orhan, depoda bulunan servet de\u011ferindeki ara\u00e7lar\u0131n g\u00fcn ge\u00e7tik\u00e7e \u00e7\u00fcr\u00fcd\u00fc\u011f\u00fcn\u00fc s\u00f6yledi. G\u00fcne\u015f ve ya\u011f\u0131\u015flar sebebiyle \u00e7\u00fcr\u00fcyen ara\u00e7lar\u0131n sahipleri taraf\u0131ndan teslim al\u0131nmas\u0131 halinde milli servetin heba olmayaca\u011f\u0131n\u0131 belirten Orhan, \u201cDepoda bulunan 70 arac\u0131n yar\u0131s\u0131 l\u00fcks. Ara\u00e7 sahipleri ara\u00e7lar\u0131n\u0131 al\u0131p kullans\u0131nlar. Hem devlete faydalar\u0131 olsun hem de bizim de otopark\u0131m\u0131z\u0131n y\u00fck\u00fc biraz olsun hafiflesin. \u00c7\u00fcnk\u00fc bu \u015fekilde devam edecek olursa otoparkta ara\u00e7 koyacak yerimiz kalmayacak\u201d dedi.<\/p>\n<p><img loading=\"lazy\" decoding=\"async\" src=\"https:\/\/habergunleri.com\/wp-content\/uploads\/2019\/01\/yediemin-otoparklarinda-luks-araclar-curumeye-terk-edildi.jpg\" alt=\"\" caption=\"false\" width=\"598\" height=\"448\">Bu ara\u00e7lar\u0131n devlete kazand\u0131r\u0131lmas\u0131n\u0131 istediklerini dile getiren Orhan, \u201cBu ara\u00e7 sahiplerinin vergilerini \u00f6demelerini ve otoparktaki ara\u00e7lar\u0131n\u0131 almalar\u0131n\u0131 rica ediyoruz. M\u00fc\u015fterilerimize tavsiyelerimiz bu ara\u00e7lar\u0131n vergi ve sigortalar\u0131n\u0131 bir an \u00f6nce \u00f6demelerini istiyoruz. E\u011fer bunlar\u0131 yaparlarsa devletimizde bu i\u015ften kazan\u00e7 sa\u011flayacak. Hem de bunlar milli servettir. Bu ara\u00e7lar\u0131n sahiplerine ula\u015fmalar\u0131n\u0131 istiyoruz. Bu ara\u00e7lar\u0131n burada \u00e7\u00fcr\u00fcmemelerini istiyoruz. 200 ile 300 bin TL de\u011ferinde ara\u00e7lar bulunmaktad\u0131r. E\u011fer bunlar\u0131 sahipleri al\u0131rlarsa bizim i\u00e7inde iyi olacakt\u0131r. Devletimiz i\u00e7in de iyi olacakt\u0131r. En az\u0131ndan \u00e7\u00fcr\u00fcy\u00fcp gitmeyecek. Bir s\u00fcr\u00fc arac\u0131m\u0131z bulunmakta. \u0130n\u015fallah bu konu da ara\u00e7 sahipleri duyarl\u0131 olur da gelip ara\u00e7lar\u0131n\u0131 almak i\u00e7in i\u015flemlerine ba\u015flarlar\u201d diye konu\u015ftu.<\/p>\n","protected":false},"excerpt":{"rendered":"<p>Siirt\u2019te aralar\u0131nda l\u00fcks otomobillerin de bulundu\u011fu milyonluk ara\u00e7lar \u00e7\u00fcr\u00fcmeye terk edildi.<\/p>\n","protected":false},"author":1,"featured_media":241,"comment_status":"open","ping_status":"open","sticky":false,"template":"","format":"standard","meta":{"footnotes":""},"categories":[10,11],"tags":[277,276,278],"class_list":["post-240","post","type-post","status-publish","format-standard","has-post-thumbnail","hentry","category-manset","category-otomobil","tag-araba","tag-otopark","tag-yediemin"],"_links":{"self":[{"href":"https:\/\/habergunleri.com\/index.php\/wp-json\/wp\/v2\/posts\/240"}],"collection":[{"href":"https:\/\/habergunleri.com\/index.php\/wp-json\/wp\/v2\/posts"}],"about":[{"href":"https:\/\/habergunleri.com\/index.php\/wp-json\/wp\/v2\/types\/post"}],"author":[{"embeddable":true,"href":"https:\/\/habergunleri.com\/index.php\/wp-json\/wp\/v2\/users\/1"}],"replies":[{"embeddable":true,"href":"https:\/\/habergunleri.com\/index.php\/wp-json\/wp\/v2\/comments?post=240"}],"version-history":[{"count":1,"href":"https:\/\/habergunleri.com\/index.php\/wp-json\/wp\/v2\/posts\/240\/revisions"}],"predecessor-version":[{"id":699,"href":"https:\/\/habergunleri.com\/index.php\/wp-json\/wp\/v2\/posts\/240\/revisions\/699"}],"wp:featuredmedia":[{"embeddable":true,"href":"https:\/\/habergunleri.com\/index.php\/wp-json\/wp\/v2\/media\/241"}],"wp:attachment":[{"href":"https:\/\/habergunleri.com\/index.php\/wp-json\/wp\/v2\/media?parent=240"}],"wp:term":[{"taxonomy":"category","embeddable":true,"href":"https:\/\/habergunleri.com\/index.php\/wp-json\/wp\/v2\/categories?post=240"},{"taxonomy":"post_tag","embeddable":true,"href":"https:\/\/habergunleri.com\/index.php\/wp-json\/wp\/v2\/tags?post=240"}],"curies":[{"name":"wp","href":"https:\/\/api.w.org\/{rel}","templated":true}]}}