{"id":50,"date":"2019-01-31T22:36:09","date_gmt":"2019-01-31T19:36:09","guid":{"rendered":"http:\/\/demo.safirtema.com\/neva\/ab-japonya-ticaret-anlasmasi-yururluge-giriyor\/"},"modified":"2019-02-04T23:14:27","modified_gmt":"2019-02-04T20:14:27","slug":"ab-japonya-ticaret-anlasmasi-yururluge-giriyor","status":"publish","type":"post","link":"https:\/\/habergunleri.com\/index.php\/2019\/01\/31\/ab-japonya-ticaret-anlasmasi-yururluge-giriyor\/","title":{"rendered":"AB-Japonya ticaret anla\u015fmas\u0131 y\u00fcr\u00fcrl\u00fc\u011fe giriyor"},"content":{"rendered":"<p>Avrupa Birli\u011fi (AB) ve Japonya aras\u0131nda imzalanan ticaret anla\u015fmas\u0131 1 \u015eubat tarihinde y\u00fcr\u00fcrl\u00fc\u011fe girecek. AB Komisyonu, AB ile Japonya aras\u0131nda m\u00fczakerelerinin 4 y\u0131l s\u00fcrd\u00fc\u011f\u00fc ve resmi onay s\u00fcre\u00e7lerinin tamamland\u0131\u011f\u0131 Ekonomik Ortakl\u0131k Anla\u015fmas\u0131&#8217;n\u0131n 1 \u015eubat tarihinden itibaren ge\u00e7erli olaca\u011f\u0131n\u0131 a\u00e7\u0131klad\u0131.<\/p>\n<p>Buna g\u00f6re, ticaret anla\u015fmas\u0131yla, Japonya&#8217;ya ihracat yapan AB \u015firketlerinin her y\u0131l \u00f6dedikleri 1 milyar avroluk verginin b\u00fcy\u00fck k\u0131sm\u0131 ortadan kalkacak.<\/p>\n<p>Anla\u015fma tam olarak y\u00fcr\u00fcrl\u00fc\u011fe girdi\u011finde Japonya&#8217;n\u0131n AB&#8217;den ithal etti\u011fi \u00fcr\u00fcnlerin y\u00fczde 97&#8217;sinde g\u00fcmr\u00fck vergileri uygulanmayacak.<\/p>\n<p>Otomobillerde uluslararas\u0131 standartlar\u0131 destekleyen anla\u015fmayla, bu sekt\u00f6rdeki tarife d\u0131\u015f\u0131 engeller kald\u0131r\u0131lacak.<\/p>\n<p>AB ile Japonya aras\u0131ndaki y\u0131ll\u0131k ticareti yakla\u015f\u0131k 36 milyar avro artt\u0131rmas\u0131 beklenen anla\u015fmayla, AB yiyecek ve i\u00e7ecek ihracat\u00e7\u0131lar\u0131 127 milyon Japon t\u00fcketiciye eri\u015fim f\u0131rsat\u0131 yakalayacak.<\/p>\n<p>Baz\u0131 hassas sekt\u00f6rlerde g\u00fcmr\u00fck vergilerinin belirli bir s\u00fcre i\u00e7erisinde kademeli olarak azalt\u0131lacak.<\/p>\n<p>AB&#8217;nin Japonya&#8217;dan ithal edilen otomobillere uygulamakta oldu\u011fu y\u00fczde 10&#8217;luk g\u00fcmr\u00fck vergisi 7 y\u0131l i\u00e7erisinde kademeli olarak ortadan kald\u0131r\u0131l\u0131rken, buna kar\u015f\u0131l\u0131k Japonya&#8217;n\u0131n da AB\u2019den ithal edilen s\u00fct \u00fcr\u00fcnlerine uygulad\u0131\u011f\u0131 g\u00fcmr\u00fck vergilerini kademeli azalt\u0131lacak.<\/p>\n<p>Anla\u015fmayla finansal hizmetler, elektronik ticaret, telekom\u00fcnikasyon ve ula\u015ft\u0131rma gibi alanlarda hizmet sekt\u00f6rlerinin \u00f6n\u00fc a\u00e7\u0131lacak.<\/p>\n<p>AB \u015firketlerinin Japonya\u2019daki demir yollar\u0131 da dahil kamu ihalelerine kat\u0131l\u0131mlar\u0131 \u00f6n\u00fcndeki engeller ortadan kalkacak.<\/p>\n<p>\u00d6te yandan, AB ile Japonya aras\u0131nda ticaret anla\u015fmas\u0131 m\u00fczakerelerini resmi olarak 25 Mart 2013&#8217;te ba\u015flam\u0131\u015ft\u0131.<\/p>\n","protected":false},"excerpt":{"rendered":"<p>AB ve Japonya aras\u0131nda imzalanan ticaret anla\u015fmas\u0131 1 \u015eubat tarihinde y\u00fcr\u00fcrl\u00fc\u011fe giriyor.<\/p>\n","protected":false},"author":1,"featured_media":51,"comment_status":"open","ping_status":"open","sticky":false,"template":"","format":"standard","meta":{"footnotes":""},"categories":[2,10],"tags":[38,37,36],"class_list":["post-50","post","type-post","status-publish","format-standard","has-post-thumbnail","hentry","category-ekonomi","category-manset","tag-ab-ticaret","tag-japonya-ticaret","tag-ticaret-anlasmasi"],"_links":{"self":[{"href":"https:\/\/habergunleri.com\/index.php\/wp-json\/wp\/v2\/posts\/50"}],"collection":[{"href":"https:\/\/habergunleri.com\/index.php\/wp-json\/wp\/v2\/posts"}],"about":[{"href":"https:\/\/habergunleri.com\/index.php\/wp-json\/wp\/v2\/types\/post"}],"author":[{"embeddable":true,"href":"https:\/\/habergunleri.com\/index.php\/wp-json\/wp\/v2\/users\/1"}],"replies":[{"embeddable":true,"href":"https:\/\/habergunleri.com\/index.php\/wp-json\/wp\/v2\/comments?post=50"}],"version-history":[{"count":1,"href":"https:\/\/habergunleri.com\/index.php\/wp-json\/wp\/v2\/posts\/50\/revisions"}],"predecessor-version":[{"id":707,"href":"https:\/\/habergunleri.com\/index.php\/wp-json\/wp\/v2\/posts\/50\/revisions\/707"}],"wp:featuredmedia":[{"embeddable":true,"href":"https:\/\/habergunleri.com\/index.php\/wp-json\/wp\/v2\/media\/51"}],"wp:attachment":[{"href":"https:\/\/habergunleri.com\/index.php\/wp-json\/wp\/v2\/media?parent=50"}],"wp:term":[{"taxonomy":"category","embeddable":true,"href":"https:\/\/habergunleri.com\/index.php\/wp-json\/wp\/v2\/categories?post=50"},{"taxonomy":"post_tag","embeddable":true,"href":"https:\/\/habergunleri.com\/index.php\/wp-json\/wp\/v2\/tags?post=50"}],"curies":[{"name":"wp","href":"https:\/\/api.w.org\/{rel}","templated":true}]}}