{"id":96,"date":"2019-01-31T22:40:37","date_gmt":"2019-01-31T19:40:37","guid":{"rendered":"http:\/\/demo.safirtema.com\/neva\/gorenleri-saskina-cevirdi-boyle-bir-duruma-daha-once-hic-rastlamadim\/"},"modified":"2019-01-31T22:40:37","modified_gmt":"2019-01-31T19:40:37","slug":"gorenleri-saskina-cevirdi-boyle-bir-duruma-daha-once-hic-rastlamadim","status":"publish","type":"post","link":"https:\/\/habergunleri.com\/index.php\/2019\/01\/31\/gorenleri-saskina-cevirdi-boyle-bir-duruma-daha-once-hic-rastlamadim\/","title":{"rendered":"G\u00f6renleri \u015fa\u015fk\u0131na \u00e7evirdi! &#8216;B\u00f6yle bir duruma daha \u00f6nce hi\u00e7 rastlamad\u0131m&#8217;"},"content":{"rendered":"<p>Buldan\u2019\u0131n k\u0131rsal Kad\u0131k\u00f6y Mahallesi\u2019nde \u00dcmit Uysal\u2019a ait koyun, 5 ayakl\u0131 bir kuzu do\u011furdu. A\u011f\u0131la girdi\u011finde do\u011fum yapan koyunun 5 ayakl\u0131 kuzusunu g\u00f6r\u00fcnce \u015fa\u015fk\u0131nl\u0131k ya\u015fayan Uysal, durumu bir veterinere bildirdi. Veteriner hekimin muayene etti\u011fi kuzunun sa\u011fl\u0131k durumunun iyi oldu\u011fu belirlendi.<\/p>\n<p>35 y\u0131ld\u0131r k\u00fc\u00e7\u00fckba\u015f hayvan besicili\u011fi yapt\u0131\u011f\u0131n\u0131 belirten Uysal, &#8220;Hayvanc\u0131l\u0131k bizde baba mesle\u011fidir. Daha \u00f6nce y\u00fczlerce koyunum do\u011fum yapt\u0131. Ancak b\u00f6yle bir duruma daha \u00f6nce hi\u00e7 rastlamad\u0131m. Koyunum 5 ayakl\u0131 bir kuzu do\u011furdu. Sa\u011fl\u0131k durumu iyi. Kuzumuz, mahallelimizin de ilgisini \u00e7ekti. Kom\u015fular\u0131m gelip foto\u011fraflar\u0131n\u0131 \u00e7ekmek istiyor&#8221; diye konu\u015ftu.<\/p>\n<p>Veteriner Hekim Hasan K\u0131l\u0131\u00e7, ya\u015fanan do\u011fumun nadir g\u00f6r\u00fcld\u00fc\u011f\u00fcn\u00fc belirterek, &#8220;Bu t\u00fcr do\u011fumlarda canl\u0131lar sa\u011fl\u0131k sorunlar\u0131 ya\u015fanabiliyor. Kuzunun aral\u0131klarla sa\u011fl\u0131k durumunun kontrol edilmesi gerekir&#8221; dedi.<\/p>\n<figure class=\"rhd-article-news-img-wrapper\">\n<div class=\"rhd-relative-container\"><img decoding=\"async\" src=\"https:\/\/habergunleri.com\/wp-content\/uploads\/2019\/01\/gorenleri-saskina-cevirdi-boyle-bir-duruma-daha-once-hic-rastlamadim.jpg\" data-src=\"https:\/\/habergunleri.com\/wp-content\/uploads\/2019\/01\/gorenleri-saskina-cevirdi-boyle-bir-duruma-daha-once-hic-rastlamadim.jpg\" alt=\"G\u00f6renleri \u015fa\u015fk\u0131na \u00e7evirdi B\u00f6yle bir duruma daha \u00f6nce hi\u00e7 rastlamad\u0131m\" class=\"lazy\"><\/img><\/p>\n<div class=\"rhd-badge-photo-indicator\"><i class=\"fa fa-search-plus\" aria-hidden=\"true\"><\/i><\/div>\n<\/div><figcaption class=\"rhd-article-news-img-caption\"><\/figcaption><\/figure><\/p>\n","protected":false},"excerpt":{"rendered":"<p>Denizli\u2019nin Buldan il\u00e7esinde k\u00fc\u00e7\u00fckba\u015f hayvan \u00fcreticisi \u00dcmit Uysal\u2019a ait koyun, 5 ayakl\u0131 bir kuzu d\u00fcnyaya getirdi. Uysal, kuzusunun sa\u011fl\u0131k durumunun iyi oldu\u011funu belirterek, daha \u00f6nce b\u00f6yle bir duruma rastlamad\u0131\u011f\u0131n\u0131 s\u00f6yledi.<\/p>\n","protected":false},"author":1,"featured_media":97,"comment_status":"open","ping_status":"open","sticky":false,"template":"","format":"standard","meta":{"footnotes":""},"categories":[4],"tags":[104,103,102],"class_list":["post-96","post","type-post","status-publish","format-standard","has-post-thumbnail","hentry","category-gundem","tag-5-ayak","tag-denizli","tag-kuzu"],"_links":{"self":[{"href":"https:\/\/habergunleri.com\/index.php\/wp-json\/wp\/v2\/posts\/96"}],"collection":[{"href":"https:\/\/habergunleri.com\/index.php\/wp-json\/wp\/v2\/posts"}],"about":[{"href":"https:\/\/habergunleri.com\/index.php\/wp-json\/wp\/v2\/types\/post"}],"author":[{"embeddable":true,"href":"https:\/\/habergunleri.com\/index.php\/wp-json\/wp\/v2\/users\/1"}],"replies":[{"embeddable":true,"href":"https:\/\/habergunleri.com\/index.php\/wp-json\/wp\/v2\/comments?post=96"}],"version-history":[{"count":0,"href":"https:\/\/habergunleri.com\/index.php\/wp-json\/wp\/v2\/posts\/96\/revisions"}],"wp:featuredmedia":[{"embeddable":true,"href":"https:\/\/habergunleri.com\/index.php\/wp-json\/wp\/v2\/media\/97"}],"wp:attachment":[{"href":"https:\/\/habergunleri.com\/index.php\/wp-json\/wp\/v2\/media?parent=96"}],"wp:term":[{"taxonomy":"category","embeddable":true,"href":"https:\/\/habergunleri.com\/index.php\/wp-json\/wp\/v2\/categories?post=96"},{"taxonomy":"post_tag","embeddable":true,"href":"https:\/\/habergunleri.com\/index.php\/wp-json\/wp\/v2\/tags?post=96"}],"curies":[{"name":"wp","href":"https:\/\/api.w.org\/{rel}","templated":true}]}}